{"id":3267,"date":"2019-10-24T11:00:17","date_gmt":"2019-10-24T09:00:17","guid":{"rendered":"https:\/\/int-ecole-org.flywheelsites.com\/?p=3267"},"modified":"2021-06-30T17:07:01","modified_gmt":"2021-06-30T15:07:01","slug":"fabien-milanovic-interviendra-le-13-novembre-au-seminaire-les-collections-vivantes","status":"publish","type":"post","link":"https:\/\/www.supbiotech.fr\/recherche-innovation-biotechnologie\/2019\/10\/24\/fabien-milanovic-interviendra-le-13-novembre-au-seminaire-les-collections-vivantes\/","title":{"rendered":"Fabien Milanovic interviendra le 13 novembre au s\u00e9minaire \u2018\u2018les collections vivantes\u2019\u2019"},"content":{"rendered":"\n<div class=\"wp-block-image\"><figure class=\"aligncenter\"><img loading=\"lazy\" decoding=\"async\" width=\"605\" height=\"357\" src=\"https:\/\/www.supbiotech.fr\/recherche-innovation-biotechnologie\/wp-content\/uploads\/2021\/06\/Image17.jpg\" alt=\"\" class=\"wp-image-3268\" srcset=\"https:\/\/www.supbiotech.fr\/recherche-innovation-biotechnologie\/wp-content\/uploads\/2021\/06\/Image17.jpg 605w, https:\/\/www.supbiotech.fr\/recherche-innovation-biotechnologie\/wp-content\/uploads\/2021\/06\/Image17-300x177.jpg 300w\" sizes=\"auto, (max-width: 605px) 100vw, 605px\" \/><\/figure><\/div>\n\n\n\n<p>Les \u00ab collections vivantes \u00bb sont\ncomprises comme des ensembles inventori\u00e9s de sp\u00e9cimens en vie, conserv\u00e9s au\nsein de mus\u00e9es, de mus\u00e9ums ou d\u2019instituts scientifiques. Elles incluent les\ncollections botaniques, zoologiques, ou microbiologiques. \u00c0 travers une\napproche anthropologique, historique ou philosophique, le s\u00e9minaire explorera\nquelques questions. Comment ont \u00e9t\u00e9 et sont d\u00e9finies aujourd\u2019hui les collections\nvivantes ? Par qui et pour qui ? Quelles sont leurs raisons d\u2019\u00eatre et comment\ns\u2019articulent-elles \u00e0 des paradigmes scientifiques ? Quelles valeurs les\nsous-tendent ? Quelles sp\u00e9cificit\u00e9s leur caract\u00e8re vivant apporte-t-il en\ntermes de pratique de collecte, de conservation, de recherche, et d\u2019exposition\n?<\/p>\n\n\n\n<p>Titre de l&rsquo;intervention: Mettre en\ncollection le vivant : r\u00e9gimes d\u2019agentivit\u00e9 et multiplicit\u00e9 ontologique dans\nles biobanques, le 13 novembre, de 15 \u00e0 17h (entr\u00e9e libre)<\/p>\n\n\n\n<p>Lieu: Amphitheatre de la Galerie de\npaleontologie et d&rsquo;anatomie compar\u00e9e &#8211; 2 rue Buffon Paris, France (75005)<\/p>\n\n\n\n<p>Plus d&rsquo;info: <a href=\"https:\/\/calenda.org\/681614\">https:\/\/calenda.org\/681614<\/a><\/p>\n","protected":false},"excerpt":{"rendered":"<p>Les \u00ab collections vivantes \u00bb sont comprises comme des ensembles inventori\u00e9s de sp\u00e9cimens en vie, conserv\u00e9s au sein de mus\u00e9es, de mus\u00e9ums ou d\u2019instituts scientifiques. Elles incluent les collections botaniques, zoologiques, ou microbiologiques. \u00c0 travers une approche anthropologique, historique ou philosophique, le s\u00e9minaire explorera quelques questions. Comment ont \u00e9t\u00e9 et sont d\u00e9finies aujourd\u2019hui les collections [&hellip;]<\/p>\n","protected":false},"author":8,"featured_media":0,"comment_status":"closed","ping_status":"open","sticky":false,"template":"","format":"standard","meta":{"_acf_changed":false,"footnotes":""},"categories":[240,238],"tags":[],"class_list":["post-3267","post","type-post","status-publish","format-standard","hentry","category-eleves","category-pbs-fr"],"acf":[],"yoast_head":"<!-- This site is optimized with the Yoast SEO Premium plugin v27.2 (Yoast SEO v27.2) - https:\/\/yoast.com\/product\/yoast-seo-premium-wordpress\/ -->\n<title>Fabien Milanovic interviendra le 13 novembre au s\u00e9minaire \u2018\u2018les collections vivantes\u2019\u2019 - La recherche \u00e0 SupBiotech<\/title>\n<meta name=\"robots\" content=\"index, follow, max-snippet:-1, max-image-preview:large, max-video-preview:-1\" \/>\n<link rel=\"canonical\" href=\"https:\/\/www.supbiotech.fr\/recherche-innovation-biotechnologie\/2019\/10\/24\/fabien-milanovic-interviendra-le-13-novembre-au-seminaire-les-collections-vivantes\/\" \/>\n<meta property=\"og:locale\" content=\"fr_FR\" \/>\n<meta property=\"og:type\" content=\"article\" \/>\n<meta property=\"og:title\" content=\"Fabien Milanovic interviendra le 13 novembre au s\u00e9minaire \u2018\u2018les collections vivantes\u2019\u2019\" \/>\n<meta property=\"og:description\" content=\"Les \u00ab collections vivantes \u00bb sont comprises comme des ensembles inventori\u00e9s de sp\u00e9cimens en vie, conserv\u00e9s au sein de mus\u00e9es, de mus\u00e9ums ou d\u2019instituts scientifiques. Elles incluent les collections botaniques, zoologiques, ou microbiologiques. \u00c0 travers une approche anthropologique, historique ou philosophique, le s\u00e9minaire explorera quelques questions. Comment ont \u00e9t\u00e9 et sont d\u00e9finies aujourd\u2019hui les collections [&hellip;]\" \/>\n<meta property=\"og:url\" content=\"https:\/\/www.supbiotech.fr\/recherche-innovation-biotechnologie\/2019\/10\/24\/fabien-milanovic-interviendra-le-13-novembre-au-seminaire-les-collections-vivantes\/\" \/>\n<meta property=\"og:site_name\" content=\"La recherche \u00e0 SupBiotech\" \/>\n<meta property=\"article:published_time\" content=\"2019-10-24T09:00:17+00:00\" \/>\n<meta property=\"article:modified_time\" content=\"2021-06-30T15:07:01+00:00\" \/>\n<meta property=\"og:image\" content=\"https:\/\/www.supbiotech.fr\/recherche-innovation-biotechnologie\/wp-content\/uploads\/2021\/06\/Image17.jpg\" \/>\n<meta name=\"author\" content=\"Juliette Visconti\" \/>\n<meta name=\"twitter:card\" content=\"summary_large_image\" \/>\n<meta name=\"twitter:label1\" content=\"\u00c9crit par\" \/>\n\t<meta name=\"twitter:data1\" content=\"Juliette Visconti\" \/>\n\t<meta name=\"twitter:label2\" content=\"Dur\u00e9e de lecture estim\u00e9e\" \/>\n\t<meta name=\"twitter:data2\" content=\"1 minute\" \/>\n<script type=\"application\/ld+json\" class=\"yoast-schema-graph\">{\"@context\":\"https:\/\/schema.org\",\"@graph\":[{\"@type\":\"Article\",\"@id\":\"https:\/\/www.supbiotech.fr\/recherche-innovation-biotechnologie\/2019\/10\/24\/fabien-milanovic-interviendra-le-13-novembre-au-seminaire-les-collections-vivantes\/#article\",\"isPartOf\":{\"@id\":\"https:\/\/www.supbiotech.fr\/recherche-innovation-biotechnologie\/2019\/10\/24\/fabien-milanovic-interviendra-le-13-novembre-au-seminaire-les-collections-vivantes\/\"},\"author\":{\"name\":\"Juliette Visconti\",\"@id\":\"https:\/\/www.supbiotech.fr\/recherche-innovation-biotechnologie\/#\/schema\/person\/306d6a3ac0c3e4fca570b3672370623c\"},\"headline\":\"Fabien Milanovic interviendra le 13 novembre au s\u00e9minaire \u2018\u2018les collections vivantes\u2019\u2019\",\"datePublished\":\"2019-10-24T09:00:17+00:00\",\"dateModified\":\"2021-06-30T15:07:01+00:00\",\"mainEntityOfPage\":{\"@id\":\"https:\/\/www.supbiotech.fr\/recherche-innovation-biotechnologie\/2019\/10\/24\/fabien-milanovic-interviendra-le-13-novembre-au-seminaire-les-collections-vivantes\/\"},\"wordCount\":166,\"publisher\":{\"@id\":\"https:\/\/www.supbiotech.fr\/recherche-innovation-biotechnologie\/#organization\"},\"image\":{\"@id\":\"https:\/\/www.supbiotech.fr\/recherche-innovation-biotechnologie\/2019\/10\/24\/fabien-milanovic-interviendra-le-13-novembre-au-seminaire-les-collections-vivantes\/#primaryimage\"},\"thumbnailUrl\":\"https:\/\/www.supbiotech.fr\/recherche-innovation-biotechnologie\/wp-content\/uploads\/2021\/06\/Image17.jpg\",\"articleSection\":[\"El\u00e8ves\",\"PBS\"],\"inLanguage\":\"fr-FR\"},{\"@type\":\"WebPage\",\"@id\":\"https:\/\/www.supbiotech.fr\/recherche-innovation-biotechnologie\/2019\/10\/24\/fabien-milanovic-interviendra-le-13-novembre-au-seminaire-les-collections-vivantes\/\",\"url\":\"https:\/\/www.supbiotech.fr\/recherche-innovation-biotechnologie\/2019\/10\/24\/fabien-milanovic-interviendra-le-13-novembre-au-seminaire-les-collections-vivantes\/\",\"name\":\"Fabien Milanovic interviendra le 13 novembre au s\u00e9minaire \u2018\u2018les collections vivantes\u2019\u2019 - La recherche \u00e0 SupBiotech\",\"isPartOf\":{\"@id\":\"https:\/\/www.supbiotech.fr\/recherche-innovation-biotechnologie\/#website\"},\"primaryImageOfPage\":{\"@id\":\"https:\/\/www.supbiotech.fr\/recherche-innovation-biotechnologie\/2019\/10\/24\/fabien-milanovic-interviendra-le-13-novembre-au-seminaire-les-collections-vivantes\/#primaryimage\"},\"image\":{\"@id\":\"https:\/\/www.supbiotech.fr\/recherche-innovation-biotechnologie\/2019\/10\/24\/fabien-milanovic-interviendra-le-13-novembre-au-seminaire-les-collections-vivantes\/#primaryimage\"},\"thumbnailUrl\":\"https:\/\/www.supbiotech.fr\/recherche-innovation-biotechnologie\/wp-content\/uploads\/2021\/06\/Image17.jpg\",\"datePublished\":\"2019-10-24T09:00:17+00:00\",\"dateModified\":\"2021-06-30T15:07:01+00:00\",\"breadcrumb\":{\"@id\":\"https:\/\/www.supbiotech.fr\/recherche-innovation-biotechnologie\/2019\/10\/24\/fabien-milanovic-interviendra-le-13-novembre-au-seminaire-les-collections-vivantes\/#breadcrumb\"},\"inLanguage\":\"fr-FR\",\"potentialAction\":[{\"@type\":\"ReadAction\",\"target\":[\"https:\/\/www.supbiotech.fr\/recherche-innovation-biotechnologie\/2019\/10\/24\/fabien-milanovic-interviendra-le-13-novembre-au-seminaire-les-collections-vivantes\/\"]}]},{\"@type\":\"ImageObject\",\"inLanguage\":\"fr-FR\",\"@id\":\"https:\/\/www.supbiotech.fr\/recherche-innovation-biotechnologie\/2019\/10\/24\/fabien-milanovic-interviendra-le-13-novembre-au-seminaire-les-collections-vivantes\/#primaryimage\",\"url\":\"https:\/\/www.supbiotech.fr\/recherche-innovation-biotechnologie\/wp-content\/uploads\/2021\/06\/Image17.jpg\",\"contentUrl\":\"https:\/\/www.supbiotech.fr\/recherche-innovation-biotechnologie\/wp-content\/uploads\/2021\/06\/Image17.jpg\"},{\"@type\":\"BreadcrumbList\",\"@id\":\"https:\/\/www.supbiotech.fr\/recherche-innovation-biotechnologie\/2019\/10\/24\/fabien-milanovic-interviendra-le-13-novembre-au-seminaire-les-collections-vivantes\/#breadcrumb\",\"itemListElement\":[{\"@type\":\"ListItem\",\"position\":1,\"name\":\"Home\",\"item\":\"https:\/\/www.supbiotech.fr\/recherche-innovation-biotechnologie\/\"},{\"@type\":\"ListItem\",\"position\":2,\"name\":\"Fabien Milanovic interviendra le 13 novembre au s\u00e9minaire \u2018\u2018les collections vivantes\u2019\u2019\"}]},{\"@type\":\"WebSite\",\"@id\":\"https:\/\/www.supbiotech.fr\/recherche-innovation-biotechnologie\/#website\",\"url\":\"https:\/\/www.supbiotech.fr\/recherche-innovation-biotechnologie\/\",\"name\":\"La recherche \u00e0 SupBiotech\",\"description\":\"\",\"publisher\":{\"@id\":\"https:\/\/www.supbiotech.fr\/recherche-innovation-biotechnologie\/#organization\"},\"potentialAction\":[{\"@type\":\"SearchAction\",\"target\":{\"@type\":\"EntryPoint\",\"urlTemplate\":\"https:\/\/www.supbiotech.fr\/recherche-innovation-biotechnologie\/?s={search_term_string}\"},\"query-input\":{\"@type\":\"PropertyValueSpecification\",\"valueRequired\":true,\"valueName\":\"search_term_string\"}}],\"inLanguage\":\"fr-FR\"},{\"@type\":\"Organization\",\"@id\":\"https:\/\/www.supbiotech.fr\/recherche-innovation-biotechnologie\/#organization\",\"name\":\"La recherche \u00e0 SupBiotech\",\"url\":\"https:\/\/www.supbiotech.fr\/recherche-innovation-biotechnologie\/\",\"logo\":{\"@type\":\"ImageObject\",\"inLanguage\":\"fr-FR\",\"@id\":\"https:\/\/www.supbiotech.fr\/recherche-innovation-biotechnologie\/#\/schema\/logo\/image\/\",\"url\":\"https:\/\/www.supbiotech.fr\/recherche-innovation-biotechnologie\/wp-content\/uploads\/2024\/02\/Logo-SupBiotech.png\",\"contentUrl\":\"https:\/\/www.supbiotech.fr\/recherche-innovation-biotechnologie\/wp-content\/uploads\/2024\/02\/Logo-SupBiotech.png\",\"width\":350,\"height\":164,\"caption\":\"La recherche \u00e0 SupBiotech\"},\"image\":{\"@id\":\"https:\/\/www.supbiotech.fr\/recherche-innovation-biotechnologie\/#\/schema\/logo\/image\/\"}},{\"@type\":\"Person\",\"@id\":\"https:\/\/www.supbiotech.fr\/recherche-innovation-biotechnologie\/#\/schema\/person\/306d6a3ac0c3e4fca570b3672370623c\",\"name\":\"Juliette Visconti\",\"image\":{\"@type\":\"ImageObject\",\"inLanguage\":\"fr-FR\",\"@id\":\"https:\/\/secure.gravatar.com\/avatar\/f268342e1349cc718e1ea12994901c4ebfb26b8f983e43a5f2c796f4fd960144?s=96&d=mm&r=g\",\"url\":\"https:\/\/secure.gravatar.com\/avatar\/f268342e1349cc718e1ea12994901c4ebfb26b8f983e43a5f2c796f4fd960144?s=96&d=mm&r=g\",\"contentUrl\":\"https:\/\/secure.gravatar.com\/avatar\/f268342e1349cc718e1ea12994901c4ebfb26b8f983e43a5f2c796f4fd960144?s=96&d=mm&r=g\",\"caption\":\"Juliette Visconti\"},\"url\":\"https:\/\/www.supbiotech.fr\/recherche-innovation-biotechnologie\/author\/juliette-visconti\/\"}]}<\/script>\n<!-- \/ Yoast SEO Premium plugin. -->","yoast_head_json":{"title":"Fabien Milanovic interviendra le 13 novembre au s\u00e9minaire \u2018\u2018les collections vivantes\u2019\u2019 - La recherche \u00e0 SupBiotech","robots":{"index":"index","follow":"follow","max-snippet":"max-snippet:-1","max-image-preview":"max-image-preview:large","max-video-preview":"max-video-preview:-1"},"canonical":"https:\/\/www.supbiotech.fr\/recherche-innovation-biotechnologie\/2019\/10\/24\/fabien-milanovic-interviendra-le-13-novembre-au-seminaire-les-collections-vivantes\/","og_locale":"fr_FR","og_type":"article","og_title":"Fabien Milanovic interviendra le 13 novembre au s\u00e9minaire \u2018\u2018les collections vivantes\u2019\u2019","og_description":"Les \u00ab collections vivantes \u00bb sont comprises comme des ensembles inventori\u00e9s de sp\u00e9cimens en vie, conserv\u00e9s au sein de mus\u00e9es, de mus\u00e9ums ou d\u2019instituts scientifiques. Elles incluent les collections botaniques, zoologiques, ou microbiologiques. \u00c0 travers une approche anthropologique, historique ou philosophique, le s\u00e9minaire explorera quelques questions. Comment ont \u00e9t\u00e9 et sont d\u00e9finies aujourd\u2019hui les collections [&hellip;]","og_url":"https:\/\/www.supbiotech.fr\/recherche-innovation-biotechnologie\/2019\/10\/24\/fabien-milanovic-interviendra-le-13-novembre-au-seminaire-les-collections-vivantes\/","og_site_name":"La recherche \u00e0 SupBiotech","article_published_time":"2019-10-24T09:00:17+00:00","article_modified_time":"2021-06-30T15:07:01+00:00","og_image":[{"url":"https:\/\/www.supbiotech.fr\/recherche-innovation-biotechnologie\/wp-content\/uploads\/2021\/06\/Image17.jpg","type":"","width":"","height":""}],"author":"Juliette Visconti","twitter_card":"summary_large_image","twitter_misc":{"\u00c9crit par":"Juliette Visconti","Dur\u00e9e de lecture estim\u00e9e":"1 minute"},"schema":{"@context":"https:\/\/schema.org","@graph":[{"@type":"Article","@id":"https:\/\/www.supbiotech.fr\/recherche-innovation-biotechnologie\/2019\/10\/24\/fabien-milanovic-interviendra-le-13-novembre-au-seminaire-les-collections-vivantes\/#article","isPartOf":{"@id":"https:\/\/www.supbiotech.fr\/recherche-innovation-biotechnologie\/2019\/10\/24\/fabien-milanovic-interviendra-le-13-novembre-au-seminaire-les-collections-vivantes\/"},"author":{"name":"Juliette Visconti","@id":"https:\/\/www.supbiotech.fr\/recherche-innovation-biotechnologie\/#\/schema\/person\/306d6a3ac0c3e4fca570b3672370623c"},"headline":"Fabien Milanovic interviendra le 13 novembre au s\u00e9minaire \u2018\u2018les collections vivantes\u2019\u2019","datePublished":"2019-10-24T09:00:17+00:00","dateModified":"2021-06-30T15:07:01+00:00","mainEntityOfPage":{"@id":"https:\/\/www.supbiotech.fr\/recherche-innovation-biotechnologie\/2019\/10\/24\/fabien-milanovic-interviendra-le-13-novembre-au-seminaire-les-collections-vivantes\/"},"wordCount":166,"publisher":{"@id":"https:\/\/www.supbiotech.fr\/recherche-innovation-biotechnologie\/#organization"},"image":{"@id":"https:\/\/www.supbiotech.fr\/recherche-innovation-biotechnologie\/2019\/10\/24\/fabien-milanovic-interviendra-le-13-novembre-au-seminaire-les-collections-vivantes\/#primaryimage"},"thumbnailUrl":"https:\/\/www.supbiotech.fr\/recherche-innovation-biotechnologie\/wp-content\/uploads\/2021\/06\/Image17.jpg","articleSection":["El\u00e8ves","PBS"],"inLanguage":"fr-FR"},{"@type":"WebPage","@id":"https:\/\/www.supbiotech.fr\/recherche-innovation-biotechnologie\/2019\/10\/24\/fabien-milanovic-interviendra-le-13-novembre-au-seminaire-les-collections-vivantes\/","url":"https:\/\/www.supbiotech.fr\/recherche-innovation-biotechnologie\/2019\/10\/24\/fabien-milanovic-interviendra-le-13-novembre-au-seminaire-les-collections-vivantes\/","name":"Fabien Milanovic interviendra le 13 novembre au s\u00e9minaire \u2018\u2018les collections vivantes\u2019\u2019 - La recherche \u00e0 SupBiotech","isPartOf":{"@id":"https:\/\/www.supbiotech.fr\/recherche-innovation-biotechnologie\/#website"},"primaryImageOfPage":{"@id":"https:\/\/www.supbiotech.fr\/recherche-innovation-biotechnologie\/2019\/10\/24\/fabien-milanovic-interviendra-le-13-novembre-au-seminaire-les-collections-vivantes\/#primaryimage"},"image":{"@id":"https:\/\/www.supbiotech.fr\/recherche-innovation-biotechnologie\/2019\/10\/24\/fabien-milanovic-interviendra-le-13-novembre-au-seminaire-les-collections-vivantes\/#primaryimage"},"thumbnailUrl":"https:\/\/www.supbiotech.fr\/recherche-innovation-biotechnologie\/wp-content\/uploads\/2021\/06\/Image17.jpg","datePublished":"2019-10-24T09:00:17+00:00","dateModified":"2021-06-30T15:07:01+00:00","breadcrumb":{"@id":"https:\/\/www.supbiotech.fr\/recherche-innovation-biotechnologie\/2019\/10\/24\/fabien-milanovic-interviendra-le-13-novembre-au-seminaire-les-collections-vivantes\/#breadcrumb"},"inLanguage":"fr-FR","potentialAction":[{"@type":"ReadAction","target":["https:\/\/www.supbiotech.fr\/recherche-innovation-biotechnologie\/2019\/10\/24\/fabien-milanovic-interviendra-le-13-novembre-au-seminaire-les-collections-vivantes\/"]}]},{"@type":"ImageObject","inLanguage":"fr-FR","@id":"https:\/\/www.supbiotech.fr\/recherche-innovation-biotechnologie\/2019\/10\/24\/fabien-milanovic-interviendra-le-13-novembre-au-seminaire-les-collections-vivantes\/#primaryimage","url":"https:\/\/www.supbiotech.fr\/recherche-innovation-biotechnologie\/wp-content\/uploads\/2021\/06\/Image17.jpg","contentUrl":"https:\/\/www.supbiotech.fr\/recherche-innovation-biotechnologie\/wp-content\/uploads\/2021\/06\/Image17.jpg"},{"@type":"BreadcrumbList","@id":"https:\/\/www.supbiotech.fr\/recherche-innovation-biotechnologie\/2019\/10\/24\/fabien-milanovic-interviendra-le-13-novembre-au-seminaire-les-collections-vivantes\/#breadcrumb","itemListElement":[{"@type":"ListItem","position":1,"name":"Home","item":"https:\/\/www.supbiotech.fr\/recherche-innovation-biotechnologie\/"},{"@type":"ListItem","position":2,"name":"Fabien Milanovic interviendra le 13 novembre au s\u00e9minaire \u2018\u2018les collections vivantes\u2019\u2019"}]},{"@type":"WebSite","@id":"https:\/\/www.supbiotech.fr\/recherche-innovation-biotechnologie\/#website","url":"https:\/\/www.supbiotech.fr\/recherche-innovation-biotechnologie\/","name":"La recherche \u00e0 SupBiotech","description":"","publisher":{"@id":"https:\/\/www.supbiotech.fr\/recherche-innovation-biotechnologie\/#organization"},"potentialAction":[{"@type":"SearchAction","target":{"@type":"EntryPoint","urlTemplate":"https:\/\/www.supbiotech.fr\/recherche-innovation-biotechnologie\/?s={search_term_string}"},"query-input":{"@type":"PropertyValueSpecification","valueRequired":true,"valueName":"search_term_string"}}],"inLanguage":"fr-FR"},{"@type":"Organization","@id":"https:\/\/www.supbiotech.fr\/recherche-innovation-biotechnologie\/#organization","name":"La recherche \u00e0 SupBiotech","url":"https:\/\/www.supbiotech.fr\/recherche-innovation-biotechnologie\/","logo":{"@type":"ImageObject","inLanguage":"fr-FR","@id":"https:\/\/www.supbiotech.fr\/recherche-innovation-biotechnologie\/#\/schema\/logo\/image\/","url":"https:\/\/www.supbiotech.fr\/recherche-innovation-biotechnologie\/wp-content\/uploads\/2024\/02\/Logo-SupBiotech.png","contentUrl":"https:\/\/www.supbiotech.fr\/recherche-innovation-biotechnologie\/wp-content\/uploads\/2024\/02\/Logo-SupBiotech.png","width":350,"height":164,"caption":"La recherche \u00e0 SupBiotech"},"image":{"@id":"https:\/\/www.supbiotech.fr\/recherche-innovation-biotechnologie\/#\/schema\/logo\/image\/"}},{"@type":"Person","@id":"https:\/\/www.supbiotech.fr\/recherche-innovation-biotechnologie\/#\/schema\/person\/306d6a3ac0c3e4fca570b3672370623c","name":"Juliette Visconti","image":{"@type":"ImageObject","inLanguage":"fr-FR","@id":"https:\/\/secure.gravatar.com\/avatar\/f268342e1349cc718e1ea12994901c4ebfb26b8f983e43a5f2c796f4fd960144?s=96&d=mm&r=g","url":"https:\/\/secure.gravatar.com\/avatar\/f268342e1349cc718e1ea12994901c4ebfb26b8f983e43a5f2c796f4fd960144?s=96&d=mm&r=g","contentUrl":"https:\/\/secure.gravatar.com\/avatar\/f268342e1349cc718e1ea12994901c4ebfb26b8f983e43a5f2c796f4fd960144?s=96&d=mm&r=g","caption":"Juliette Visconti"},"url":"https:\/\/www.supbiotech.fr\/recherche-innovation-biotechnologie\/author\/juliette-visconti\/"}]}},"_links":{"self":[{"href":"https:\/\/www.supbiotech.fr\/recherche-innovation-biotechnologie\/wp-json\/wp\/v2\/posts\/3267","targetHints":{"allow":["GET"]}}],"collection":[{"href":"https:\/\/www.supbiotech.fr\/recherche-innovation-biotechnologie\/wp-json\/wp\/v2\/posts"}],"about":[{"href":"https:\/\/www.supbiotech.fr\/recherche-innovation-biotechnologie\/wp-json\/wp\/v2\/types\/post"}],"author":[{"embeddable":true,"href":"https:\/\/www.supbiotech.fr\/recherche-innovation-biotechnologie\/wp-json\/wp\/v2\/users\/8"}],"replies":[{"embeddable":true,"href":"https:\/\/www.supbiotech.fr\/recherche-innovation-biotechnologie\/wp-json\/wp\/v2\/comments?post=3267"}],"version-history":[{"count":1,"href":"https:\/\/www.supbiotech.fr\/recherche-innovation-biotechnologie\/wp-json\/wp\/v2\/posts\/3267\/revisions"}],"predecessor-version":[{"id":3270,"href":"https:\/\/www.supbiotech.fr\/recherche-innovation-biotechnologie\/wp-json\/wp\/v2\/posts\/3267\/revisions\/3270"}],"wp:attachment":[{"href":"https:\/\/www.supbiotech.fr\/recherche-innovation-biotechnologie\/wp-json\/wp\/v2\/media?parent=3267"}],"wp:term":[{"taxonomy":"category","embeddable":true,"href":"https:\/\/www.supbiotech.fr\/recherche-innovation-biotechnologie\/wp-json\/wp\/v2\/categories?post=3267"},{"taxonomy":"post_tag","embeddable":true,"href":"https:\/\/www.supbiotech.fr\/recherche-innovation-biotechnologie\/wp-json\/wp\/v2\/tags?post=3267"}],"curies":[{"name":"wp","href":"https:\/\/api.w.org\/{rel}","templated":true}]}}