{"id":3271,"date":"2019-10-24T10:00:59","date_gmt":"2019-10-24T08:00:59","guid":{"rendered":"https:\/\/int-ecole-org.flywheelsites.com\/?p=3271"},"modified":"2021-06-30T11:18:38","modified_gmt":"2021-06-30T09:18:38","slug":"cecile-vermot-co-organise-la-iv-rencontre-du-reseau-international-des-sensibilites-rediss-en-part","status":"publish","type":"post","link":"https:\/\/www.supbiotech.fr\/recherche-innovation-biotechnologie\/2019\/10\/24\/cecile-vermot-co-organise-la-iv-rencontre-du-reseau-international-des-sensibilites-rediss-en-part\/","title":{"rendered":"C\u00e9cile Vermot co-organise la IV\u00b0 rencontre du R\u00e9seau International Des Sensibilit\u00e9s (RedISS) en part"},"content":{"rendered":"\n<div class=\"wp-block-image\"><figure class=\"aligncenter\"><img loading=\"lazy\" decoding=\"async\" width=\"317\" height=\"317\" src=\"https:\/\/www.supbiotech.fr\/recherche-innovation-biotechnologie\/wp-content\/uploads\/2021\/06\/Image18.jpg\" alt=\"\" class=\"wp-image-3272\" srcset=\"https:\/\/www.supbiotech.fr\/recherche-innovation-biotechnologie\/wp-content\/uploads\/2021\/06\/Image18.jpg 317w, https:\/\/www.supbiotech.fr\/recherche-innovation-biotechnologie\/wp-content\/uploads\/2021\/06\/Image18-150x150.jpg 150w, https:\/\/www.supbiotech.fr\/recherche-innovation-biotechnologie\/wp-content\/uploads\/2021\/06\/Image18-300x300.jpg 300w\" sizes=\"auto, (max-width: 317px) 100vw, 317px\" \/><\/figure><\/div>\n\n\n\n<p>C\u00e9cile Vermot co-organise la IV\nrencontre r\u00e9seau international des sensibilit\u00e9s (RedISS) en partenariat avec le\nCIES (universit\u00e9 de Buenos Aires) et le LCSP (universit\u00e9 Paris Diderot).<\/p>\n\n\n\n<p>Celui-ci aura lieu le 30 et 31\noctobre \u00e0 Paris Diderot, B\u00e2timent Olympe de Gouges Salle M19 Place Paul Ric\u0153ur\n75013 Paris. Vous pouvez \u00e9galement suivre cet \u00e9v\u00e8nement en vous connectant sur\nzoom \u00e0 l\u2019adresse suivante :<\/p>\n\n\n\n<p>Le 30 octobre : <a href=\"https:\/\/zoom.us\/j\/925365940\">https:\/\/zoom.us\/j\/925365940<\/a> <\/p>\n\n\n\n<p>Le 31 octobre : <a href=\"https:\/\/zoom.us\/j\/369278492\">https:\/\/zoom.us\/j\/369278492<\/a> <\/p>\n","protected":false},"excerpt":{"rendered":"<p>C\u00e9cile Vermot co-organise la IV rencontre r\u00e9seau international des sensibilit\u00e9s (RedISS) en partenariat avec le CIES (universit\u00e9 de Buenos Aires) et le LCSP (universit\u00e9 Paris Diderot). Celui-ci aura lieu le 30 et 31 octobre \u00e0 Paris Diderot, B\u00e2timent Olympe de Gouges Salle M19 Place Paul Ric\u0153ur 75013 Paris. Vous pouvez \u00e9galement suivre cet \u00e9v\u00e8nement en [&hellip;]<\/p>\n","protected":false},"author":8,"featured_media":0,"comment_status":"closed","ping_status":"open","sticky":false,"template":"","format":"standard","meta":{"_acf_changed":false,"footnotes":""},"categories":[240,238],"tags":[],"class_list":["post-3271","post","type-post","status-publish","format-standard","hentry","category-eleves","category-pbs-fr"],"acf":[],"yoast_head":"<!-- This site is optimized with the Yoast SEO Premium plugin v27.2 (Yoast SEO v27.2) - https:\/\/yoast.com\/product\/yoast-seo-premium-wordpress\/ -->\n<title>C\u00e9cile Vermot co-organise la IV\u00b0 rencontre du R\u00e9seau International Des Sensibilit\u00e9s (RedISS) en part - La recherche \u00e0 SupBiotech<\/title>\n<meta name=\"robots\" content=\"index, follow, max-snippet:-1, max-image-preview:large, max-video-preview:-1\" \/>\n<link rel=\"canonical\" href=\"https:\/\/www.supbiotech.fr\/recherche-innovation-biotechnologie\/2019\/10\/24\/cecile-vermot-co-organise-la-iv-rencontre-du-reseau-international-des-sensibilites-rediss-en-part\/\" \/>\n<meta property=\"og:locale\" content=\"fr_FR\" \/>\n<meta property=\"og:type\" content=\"article\" \/>\n<meta property=\"og:title\" content=\"C\u00e9cile Vermot co-organise la IV\u00b0 rencontre du R\u00e9seau International Des Sensibilit\u00e9s (RedISS) en part\" \/>\n<meta property=\"og:description\" content=\"C\u00e9cile Vermot co-organise la IV rencontre r\u00e9seau international des sensibilit\u00e9s (RedISS) en partenariat avec le CIES (universit\u00e9 de Buenos Aires) et le LCSP (universit\u00e9 Paris Diderot). Celui-ci aura lieu le 30 et 31 octobre \u00e0 Paris Diderot, B\u00e2timent Olympe de Gouges Salle M19 Place Paul Ric\u0153ur 75013 Paris. Vous pouvez \u00e9galement suivre cet \u00e9v\u00e8nement en [&hellip;]\" \/>\n<meta property=\"og:url\" content=\"https:\/\/www.supbiotech.fr\/recherche-innovation-biotechnologie\/2019\/10\/24\/cecile-vermot-co-organise-la-iv-rencontre-du-reseau-international-des-sensibilites-rediss-en-part\/\" \/>\n<meta property=\"og:site_name\" content=\"La recherche \u00e0 SupBiotech\" \/>\n<meta property=\"article:published_time\" content=\"2019-10-24T08:00:59+00:00\" \/>\n<meta property=\"article:modified_time\" content=\"2021-06-30T09:18:38+00:00\" \/>\n<meta property=\"og:image\" content=\"https:\/\/www.supbiotech.fr\/recherche-innovation-biotechnologie\/wp-content\/uploads\/2021\/06\/Image18.jpg\" \/>\n<meta name=\"author\" content=\"Juliette Visconti\" \/>\n<meta name=\"twitter:card\" content=\"summary_large_image\" \/>\n<meta name=\"twitter:label1\" content=\"\u00c9crit par\" \/>\n\t<meta name=\"twitter:data1\" content=\"Juliette Visconti\" \/>\n<script type=\"application\/ld+json\" class=\"yoast-schema-graph\">{\"@context\":\"https:\/\/schema.org\",\"@graph\":[{\"@type\":\"Article\",\"@id\":\"https:\/\/www.supbiotech.fr\/recherche-innovation-biotechnologie\/2019\/10\/24\/cecile-vermot-co-organise-la-iv-rencontre-du-reseau-international-des-sensibilites-rediss-en-part\/#article\",\"isPartOf\":{\"@id\":\"https:\/\/www.supbiotech.fr\/recherche-innovation-biotechnologie\/2019\/10\/24\/cecile-vermot-co-organise-la-iv-rencontre-du-reseau-international-des-sensibilites-rediss-en-part\/\"},\"author\":{\"name\":\"Juliette Visconti\",\"@id\":\"https:\/\/www.supbiotech.fr\/recherche-innovation-biotechnologie\/#\/schema\/person\/306d6a3ac0c3e4fca570b3672370623c\"},\"headline\":\"C\u00e9cile Vermot co-organise la IV\u00b0 rencontre du R\u00e9seau International Des Sensibilit\u00e9s (RedISS) en part\",\"datePublished\":\"2019-10-24T08:00:59+00:00\",\"dateModified\":\"2021-06-30T09:18:38+00:00\",\"mainEntityOfPage\":{\"@id\":\"https:\/\/www.supbiotech.fr\/recherche-innovation-biotechnologie\/2019\/10\/24\/cecile-vermot-co-organise-la-iv-rencontre-du-reseau-international-des-sensibilites-rediss-en-part\/\"},\"wordCount\":93,\"publisher\":{\"@id\":\"https:\/\/www.supbiotech.fr\/recherche-innovation-biotechnologie\/#organization\"},\"image\":{\"@id\":\"https:\/\/www.supbiotech.fr\/recherche-innovation-biotechnologie\/2019\/10\/24\/cecile-vermot-co-organise-la-iv-rencontre-du-reseau-international-des-sensibilites-rediss-en-part\/#primaryimage\"},\"thumbnailUrl\":\"https:\/\/www.supbiotech.fr\/recherche-innovation-biotechnologie\/wp-content\/uploads\/2021\/06\/Image18.jpg\",\"articleSection\":[\"El\u00e8ves\",\"PBS\"],\"inLanguage\":\"fr-FR\"},{\"@type\":\"WebPage\",\"@id\":\"https:\/\/www.supbiotech.fr\/recherche-innovation-biotechnologie\/2019\/10\/24\/cecile-vermot-co-organise-la-iv-rencontre-du-reseau-international-des-sensibilites-rediss-en-part\/\",\"url\":\"https:\/\/www.supbiotech.fr\/recherche-innovation-biotechnologie\/2019\/10\/24\/cecile-vermot-co-organise-la-iv-rencontre-du-reseau-international-des-sensibilites-rediss-en-part\/\",\"name\":\"C\u00e9cile Vermot co-organise la IV\u00b0 rencontre du R\u00e9seau International Des Sensibilit\u00e9s (RedISS) en part - La recherche \u00e0 SupBiotech\",\"isPartOf\":{\"@id\":\"https:\/\/www.supbiotech.fr\/recherche-innovation-biotechnologie\/#website\"},\"primaryImageOfPage\":{\"@id\":\"https:\/\/www.supbiotech.fr\/recherche-innovation-biotechnologie\/2019\/10\/24\/cecile-vermot-co-organise-la-iv-rencontre-du-reseau-international-des-sensibilites-rediss-en-part\/#primaryimage\"},\"image\":{\"@id\":\"https:\/\/www.supbiotech.fr\/recherche-innovation-biotechnologie\/2019\/10\/24\/cecile-vermot-co-organise-la-iv-rencontre-du-reseau-international-des-sensibilites-rediss-en-part\/#primaryimage\"},\"thumbnailUrl\":\"https:\/\/www.supbiotech.fr\/recherche-innovation-biotechnologie\/wp-content\/uploads\/2021\/06\/Image18.jpg\",\"datePublished\":\"2019-10-24T08:00:59+00:00\",\"dateModified\":\"2021-06-30T09:18:38+00:00\",\"breadcrumb\":{\"@id\":\"https:\/\/www.supbiotech.fr\/recherche-innovation-biotechnologie\/2019\/10\/24\/cecile-vermot-co-organise-la-iv-rencontre-du-reseau-international-des-sensibilites-rediss-en-part\/#breadcrumb\"},\"inLanguage\":\"fr-FR\",\"potentialAction\":[{\"@type\":\"ReadAction\",\"target\":[\"https:\/\/www.supbiotech.fr\/recherche-innovation-biotechnologie\/2019\/10\/24\/cecile-vermot-co-organise-la-iv-rencontre-du-reseau-international-des-sensibilites-rediss-en-part\/\"]}]},{\"@type\":\"ImageObject\",\"inLanguage\":\"fr-FR\",\"@id\":\"https:\/\/www.supbiotech.fr\/recherche-innovation-biotechnologie\/2019\/10\/24\/cecile-vermot-co-organise-la-iv-rencontre-du-reseau-international-des-sensibilites-rediss-en-part\/#primaryimage\",\"url\":\"https:\/\/www.supbiotech.fr\/recherche-innovation-biotechnologie\/wp-content\/uploads\/2021\/06\/Image18.jpg\",\"contentUrl\":\"https:\/\/www.supbiotech.fr\/recherche-innovation-biotechnologie\/wp-content\/uploads\/2021\/06\/Image18.jpg\"},{\"@type\":\"BreadcrumbList\",\"@id\":\"https:\/\/www.supbiotech.fr\/recherche-innovation-biotechnologie\/2019\/10\/24\/cecile-vermot-co-organise-la-iv-rencontre-du-reseau-international-des-sensibilites-rediss-en-part\/#breadcrumb\",\"itemListElement\":[{\"@type\":\"ListItem\",\"position\":1,\"name\":\"Home\",\"item\":\"https:\/\/www.supbiotech.fr\/recherche-innovation-biotechnologie\/\"},{\"@type\":\"ListItem\",\"position\":2,\"name\":\"C\u00e9cile Vermot co-organise la IV\u00b0 rencontre du R\u00e9seau International Des Sensibilit\u00e9s (RedISS) en part\"}]},{\"@type\":\"WebSite\",\"@id\":\"https:\/\/www.supbiotech.fr\/recherche-innovation-biotechnologie\/#website\",\"url\":\"https:\/\/www.supbiotech.fr\/recherche-innovation-biotechnologie\/\",\"name\":\"La recherche \u00e0 SupBiotech\",\"description\":\"\",\"publisher\":{\"@id\":\"https:\/\/www.supbiotech.fr\/recherche-innovation-biotechnologie\/#organization\"},\"potentialAction\":[{\"@type\":\"SearchAction\",\"target\":{\"@type\":\"EntryPoint\",\"urlTemplate\":\"https:\/\/www.supbiotech.fr\/recherche-innovation-biotechnologie\/?s={search_term_string}\"},\"query-input\":{\"@type\":\"PropertyValueSpecification\",\"valueRequired\":true,\"valueName\":\"search_term_string\"}}],\"inLanguage\":\"fr-FR\"},{\"@type\":\"Organization\",\"@id\":\"https:\/\/www.supbiotech.fr\/recherche-innovation-biotechnologie\/#organization\",\"name\":\"La recherche \u00e0 SupBiotech\",\"url\":\"https:\/\/www.supbiotech.fr\/recherche-innovation-biotechnologie\/\",\"logo\":{\"@type\":\"ImageObject\",\"inLanguage\":\"fr-FR\",\"@id\":\"https:\/\/www.supbiotech.fr\/recherche-innovation-biotechnologie\/#\/schema\/logo\/image\/\",\"url\":\"https:\/\/www.supbiotech.fr\/recherche-innovation-biotechnologie\/wp-content\/uploads\/2024\/02\/Logo-SupBiotech.png\",\"contentUrl\":\"https:\/\/www.supbiotech.fr\/recherche-innovation-biotechnologie\/wp-content\/uploads\/2024\/02\/Logo-SupBiotech.png\",\"width\":350,\"height\":164,\"caption\":\"La recherche \u00e0 SupBiotech\"},\"image\":{\"@id\":\"https:\/\/www.supbiotech.fr\/recherche-innovation-biotechnologie\/#\/schema\/logo\/image\/\"}},{\"@type\":\"Person\",\"@id\":\"https:\/\/www.supbiotech.fr\/recherche-innovation-biotechnologie\/#\/schema\/person\/306d6a3ac0c3e4fca570b3672370623c\",\"name\":\"Juliette Visconti\",\"image\":{\"@type\":\"ImageObject\",\"inLanguage\":\"fr-FR\",\"@id\":\"https:\/\/secure.gravatar.com\/avatar\/f268342e1349cc718e1ea12994901c4ebfb26b8f983e43a5f2c796f4fd960144?s=96&d=mm&r=g\",\"url\":\"https:\/\/secure.gravatar.com\/avatar\/f268342e1349cc718e1ea12994901c4ebfb26b8f983e43a5f2c796f4fd960144?s=96&d=mm&r=g\",\"contentUrl\":\"https:\/\/secure.gravatar.com\/avatar\/f268342e1349cc718e1ea12994901c4ebfb26b8f983e43a5f2c796f4fd960144?s=96&d=mm&r=g\",\"caption\":\"Juliette Visconti\"},\"url\":\"https:\/\/www.supbiotech.fr\/recherche-innovation-biotechnologie\/author\/juliette-visconti\/\"}]}<\/script>\n<!-- \/ Yoast SEO Premium plugin. -->","yoast_head_json":{"title":"C\u00e9cile Vermot co-organise la IV\u00b0 rencontre du R\u00e9seau International Des Sensibilit\u00e9s (RedISS) en part - La recherche \u00e0 SupBiotech","robots":{"index":"index","follow":"follow","max-snippet":"max-snippet:-1","max-image-preview":"max-image-preview:large","max-video-preview":"max-video-preview:-1"},"canonical":"https:\/\/www.supbiotech.fr\/recherche-innovation-biotechnologie\/2019\/10\/24\/cecile-vermot-co-organise-la-iv-rencontre-du-reseau-international-des-sensibilites-rediss-en-part\/","og_locale":"fr_FR","og_type":"article","og_title":"C\u00e9cile Vermot co-organise la IV\u00b0 rencontre du R\u00e9seau International Des Sensibilit\u00e9s (RedISS) en part","og_description":"C\u00e9cile Vermot co-organise la IV rencontre r\u00e9seau international des sensibilit\u00e9s (RedISS) en partenariat avec le CIES (universit\u00e9 de Buenos Aires) et le LCSP (universit\u00e9 Paris Diderot). Celui-ci aura lieu le 30 et 31 octobre \u00e0 Paris Diderot, B\u00e2timent Olympe de Gouges Salle M19 Place Paul Ric\u0153ur 75013 Paris. Vous pouvez \u00e9galement suivre cet \u00e9v\u00e8nement en [&hellip;]","og_url":"https:\/\/www.supbiotech.fr\/recherche-innovation-biotechnologie\/2019\/10\/24\/cecile-vermot-co-organise-la-iv-rencontre-du-reseau-international-des-sensibilites-rediss-en-part\/","og_site_name":"La recherche \u00e0 SupBiotech","article_published_time":"2019-10-24T08:00:59+00:00","article_modified_time":"2021-06-30T09:18:38+00:00","og_image":[{"url":"https:\/\/www.supbiotech.fr\/recherche-innovation-biotechnologie\/wp-content\/uploads\/2021\/06\/Image18.jpg","type":"","width":"","height":""}],"author":"Juliette Visconti","twitter_card":"summary_large_image","twitter_misc":{"\u00c9crit par":"Juliette Visconti"},"schema":{"@context":"https:\/\/schema.org","@graph":[{"@type":"Article","@id":"https:\/\/www.supbiotech.fr\/recherche-innovation-biotechnologie\/2019\/10\/24\/cecile-vermot-co-organise-la-iv-rencontre-du-reseau-international-des-sensibilites-rediss-en-part\/#article","isPartOf":{"@id":"https:\/\/www.supbiotech.fr\/recherche-innovation-biotechnologie\/2019\/10\/24\/cecile-vermot-co-organise-la-iv-rencontre-du-reseau-international-des-sensibilites-rediss-en-part\/"},"author":{"name":"Juliette Visconti","@id":"https:\/\/www.supbiotech.fr\/recherche-innovation-biotechnologie\/#\/schema\/person\/306d6a3ac0c3e4fca570b3672370623c"},"headline":"C\u00e9cile Vermot co-organise la IV\u00b0 rencontre du R\u00e9seau International Des Sensibilit\u00e9s (RedISS) en part","datePublished":"2019-10-24T08:00:59+00:00","dateModified":"2021-06-30T09:18:38+00:00","mainEntityOfPage":{"@id":"https:\/\/www.supbiotech.fr\/recherche-innovation-biotechnologie\/2019\/10\/24\/cecile-vermot-co-organise-la-iv-rencontre-du-reseau-international-des-sensibilites-rediss-en-part\/"},"wordCount":93,"publisher":{"@id":"https:\/\/www.supbiotech.fr\/recherche-innovation-biotechnologie\/#organization"},"image":{"@id":"https:\/\/www.supbiotech.fr\/recherche-innovation-biotechnologie\/2019\/10\/24\/cecile-vermot-co-organise-la-iv-rencontre-du-reseau-international-des-sensibilites-rediss-en-part\/#primaryimage"},"thumbnailUrl":"https:\/\/www.supbiotech.fr\/recherche-innovation-biotechnologie\/wp-content\/uploads\/2021\/06\/Image18.jpg","articleSection":["El\u00e8ves","PBS"],"inLanguage":"fr-FR"},{"@type":"WebPage","@id":"https:\/\/www.supbiotech.fr\/recherche-innovation-biotechnologie\/2019\/10\/24\/cecile-vermot-co-organise-la-iv-rencontre-du-reseau-international-des-sensibilites-rediss-en-part\/","url":"https:\/\/www.supbiotech.fr\/recherche-innovation-biotechnologie\/2019\/10\/24\/cecile-vermot-co-organise-la-iv-rencontre-du-reseau-international-des-sensibilites-rediss-en-part\/","name":"C\u00e9cile Vermot co-organise la IV\u00b0 rencontre du R\u00e9seau International Des Sensibilit\u00e9s (RedISS) en part - La recherche \u00e0 SupBiotech","isPartOf":{"@id":"https:\/\/www.supbiotech.fr\/recherche-innovation-biotechnologie\/#website"},"primaryImageOfPage":{"@id":"https:\/\/www.supbiotech.fr\/recherche-innovation-biotechnologie\/2019\/10\/24\/cecile-vermot-co-organise-la-iv-rencontre-du-reseau-international-des-sensibilites-rediss-en-part\/#primaryimage"},"image":{"@id":"https:\/\/www.supbiotech.fr\/recherche-innovation-biotechnologie\/2019\/10\/24\/cecile-vermot-co-organise-la-iv-rencontre-du-reseau-international-des-sensibilites-rediss-en-part\/#primaryimage"},"thumbnailUrl":"https:\/\/www.supbiotech.fr\/recherche-innovation-biotechnologie\/wp-content\/uploads\/2021\/06\/Image18.jpg","datePublished":"2019-10-24T08:00:59+00:00","dateModified":"2021-06-30T09:18:38+00:00","breadcrumb":{"@id":"https:\/\/www.supbiotech.fr\/recherche-innovation-biotechnologie\/2019\/10\/24\/cecile-vermot-co-organise-la-iv-rencontre-du-reseau-international-des-sensibilites-rediss-en-part\/#breadcrumb"},"inLanguage":"fr-FR","potentialAction":[{"@type":"ReadAction","target":["https:\/\/www.supbiotech.fr\/recherche-innovation-biotechnologie\/2019\/10\/24\/cecile-vermot-co-organise-la-iv-rencontre-du-reseau-international-des-sensibilites-rediss-en-part\/"]}]},{"@type":"ImageObject","inLanguage":"fr-FR","@id":"https:\/\/www.supbiotech.fr\/recherche-innovation-biotechnologie\/2019\/10\/24\/cecile-vermot-co-organise-la-iv-rencontre-du-reseau-international-des-sensibilites-rediss-en-part\/#primaryimage","url":"https:\/\/www.supbiotech.fr\/recherche-innovation-biotechnologie\/wp-content\/uploads\/2021\/06\/Image18.jpg","contentUrl":"https:\/\/www.supbiotech.fr\/recherche-innovation-biotechnologie\/wp-content\/uploads\/2021\/06\/Image18.jpg"},{"@type":"BreadcrumbList","@id":"https:\/\/www.supbiotech.fr\/recherche-innovation-biotechnologie\/2019\/10\/24\/cecile-vermot-co-organise-la-iv-rencontre-du-reseau-international-des-sensibilites-rediss-en-part\/#breadcrumb","itemListElement":[{"@type":"ListItem","position":1,"name":"Home","item":"https:\/\/www.supbiotech.fr\/recherche-innovation-biotechnologie\/"},{"@type":"ListItem","position":2,"name":"C\u00e9cile Vermot co-organise la IV\u00b0 rencontre du R\u00e9seau International Des Sensibilit\u00e9s (RedISS) en part"}]},{"@type":"WebSite","@id":"https:\/\/www.supbiotech.fr\/recherche-innovation-biotechnologie\/#website","url":"https:\/\/www.supbiotech.fr\/recherche-innovation-biotechnologie\/","name":"La recherche \u00e0 SupBiotech","description":"","publisher":{"@id":"https:\/\/www.supbiotech.fr\/recherche-innovation-biotechnologie\/#organization"},"potentialAction":[{"@type":"SearchAction","target":{"@type":"EntryPoint","urlTemplate":"https:\/\/www.supbiotech.fr\/recherche-innovation-biotechnologie\/?s={search_term_string}"},"query-input":{"@type":"PropertyValueSpecification","valueRequired":true,"valueName":"search_term_string"}}],"inLanguage":"fr-FR"},{"@type":"Organization","@id":"https:\/\/www.supbiotech.fr\/recherche-innovation-biotechnologie\/#organization","name":"La recherche \u00e0 SupBiotech","url":"https:\/\/www.supbiotech.fr\/recherche-innovation-biotechnologie\/","logo":{"@type":"ImageObject","inLanguage":"fr-FR","@id":"https:\/\/www.supbiotech.fr\/recherche-innovation-biotechnologie\/#\/schema\/logo\/image\/","url":"https:\/\/www.supbiotech.fr\/recherche-innovation-biotechnologie\/wp-content\/uploads\/2024\/02\/Logo-SupBiotech.png","contentUrl":"https:\/\/www.supbiotech.fr\/recherche-innovation-biotechnologie\/wp-content\/uploads\/2024\/02\/Logo-SupBiotech.png","width":350,"height":164,"caption":"La recherche \u00e0 SupBiotech"},"image":{"@id":"https:\/\/www.supbiotech.fr\/recherche-innovation-biotechnologie\/#\/schema\/logo\/image\/"}},{"@type":"Person","@id":"https:\/\/www.supbiotech.fr\/recherche-innovation-biotechnologie\/#\/schema\/person\/306d6a3ac0c3e4fca570b3672370623c","name":"Juliette Visconti","image":{"@type":"ImageObject","inLanguage":"fr-FR","@id":"https:\/\/secure.gravatar.com\/avatar\/f268342e1349cc718e1ea12994901c4ebfb26b8f983e43a5f2c796f4fd960144?s=96&d=mm&r=g","url":"https:\/\/secure.gravatar.com\/avatar\/f268342e1349cc718e1ea12994901c4ebfb26b8f983e43a5f2c796f4fd960144?s=96&d=mm&r=g","contentUrl":"https:\/\/secure.gravatar.com\/avatar\/f268342e1349cc718e1ea12994901c4ebfb26b8f983e43a5f2c796f4fd960144?s=96&d=mm&r=g","caption":"Juliette Visconti"},"url":"https:\/\/www.supbiotech.fr\/recherche-innovation-biotechnologie\/author\/juliette-visconti\/"}]}},"_links":{"self":[{"href":"https:\/\/www.supbiotech.fr\/recherche-innovation-biotechnologie\/wp-json\/wp\/v2\/posts\/3271","targetHints":{"allow":["GET"]}}],"collection":[{"href":"https:\/\/www.supbiotech.fr\/recherche-innovation-biotechnologie\/wp-json\/wp\/v2\/posts"}],"about":[{"href":"https:\/\/www.supbiotech.fr\/recherche-innovation-biotechnologie\/wp-json\/wp\/v2\/types\/post"}],"author":[{"embeddable":true,"href":"https:\/\/www.supbiotech.fr\/recherche-innovation-biotechnologie\/wp-json\/wp\/v2\/users\/8"}],"replies":[{"embeddable":true,"href":"https:\/\/www.supbiotech.fr\/recherche-innovation-biotechnologie\/wp-json\/wp\/v2\/comments?post=3271"}],"version-history":[{"count":1,"href":"https:\/\/www.supbiotech.fr\/recherche-innovation-biotechnologie\/wp-json\/wp\/v2\/posts\/3271\/revisions"}],"predecessor-version":[{"id":3274,"href":"https:\/\/www.supbiotech.fr\/recherche-innovation-biotechnologie\/wp-json\/wp\/v2\/posts\/3271\/revisions\/3274"}],"wp:attachment":[{"href":"https:\/\/www.supbiotech.fr\/recherche-innovation-biotechnologie\/wp-json\/wp\/v2\/media?parent=3271"}],"wp:term":[{"taxonomy":"category","embeddable":true,"href":"https:\/\/www.supbiotech.fr\/recherche-innovation-biotechnologie\/wp-json\/wp\/v2\/categories?post=3271"},{"taxonomy":"post_tag","embeddable":true,"href":"https:\/\/www.supbiotech.fr\/recherche-innovation-biotechnologie\/wp-json\/wp\/v2\/tags?post=3271"}],"curies":[{"name":"wp","href":"https:\/\/api.w.org\/{rel}","templated":true}]}}