{"id":3288,"date":"2019-04-29T10:00:17","date_gmt":"2019-04-29T08:00:17","guid":{"rendered":"https:\/\/int-ecole-org.flywheelsites.com\/?p=3288"},"modified":"2021-06-30T11:38:00","modified_gmt":"2021-06-30T09:38:00","slug":"invitation-a-la-8eme-conference-sur-hla-g","status":"publish","type":"post","link":"https:\/\/www.supbiotech.fr\/recherche-innovation-biotechnologie\/2019\/04\/29\/invitation-a-la-8eme-conference-sur-hla-g\/","title":{"rendered":"Invitation \u00e0 la 8\u00e8me conference sur HLA-G"},"content":{"rendered":"\n<p>\n\n\n\n\n\n\n\n\n\n\n\n\n\n\n\n\n\nLa 8e\nconference sur HLA-G aura lieu \u00e0 Paris du 8 au 10 Juillet.\n\n\n\n<\/p>\n\n\n\n<div class=\"wp-block-image\"><figure class=\"aligncenter\"><img loading=\"lazy\" decoding=\"async\" width=\"972\" height=\"638\" src=\"https:\/\/www.supbiotech.fr\/recherche-innovation-biotechnologie\/wp-content\/uploads\/2021\/06\/Image24.png\" alt=\"\" class=\"wp-image-3293\" srcset=\"https:\/\/www.supbiotech.fr\/recherche-innovation-biotechnologie\/wp-content\/uploads\/2021\/06\/Image24.png 972w, https:\/\/www.supbiotech.fr\/recherche-innovation-biotechnologie\/wp-content\/uploads\/2021\/06\/Image24-300x197.png 300w, https:\/\/www.supbiotech.fr\/recherche-innovation-biotechnologie\/wp-content\/uploads\/2021\/06\/Image24-768x504.png 768w\" sizes=\"auto, (max-width: 972px) 100vw, 972px\" \/><figcaption> <em>HLA-G est une mol\u00e9cule immunor\u00e9gulatrice \u00e9tudi\u00e9e par plusieurs laboratoires<\/em> <em>pour son r\u00f4le important dans le domaine des greffes, de la canc\u00e9rologie,<\/em> <em>de l&rsquo;immunit\u00e9 foeto-maternelle etc&#8230;<\/em> <\/figcaption><\/figure><\/div>\n\n\n\n<p>Cette conference \u00e9tant organisee par un collaborateur du laboratoire <a rel=\"noreferrer noopener\" href=\"https:\/\/www.int-ecole-org.flywheelstaging.com\/celltechs\" target=\"_blank\">CellTechs<\/a> (Sup&rsquo;Biotech), les \u00e9tudiants de l&rsquo;\u00e9cole Sup&rsquo;Biotech peuvent y assister sans payer les frais d&rsquo;inscription.<\/p>\n\n\n\n<p style=\"text-align:center\"><strong>8\u00e8me Conf\u00e9rence Internationale sur HLA-G<\/strong><\/p>\n\n\n\n<p style=\"text-align:center\"><strong>Lieu : Minist\u00e8re de la Sant\u00e9, Paris<\/strong><\/p>\n\n\n\n<p style=\"text-align:center\"><strong>Dates : 8,9 et 10 juillet 2019.<\/strong><\/p>\n\n\n\n<p style=\"text-align:center\"><strong>Frais d\u2019inscription : 300EUR (Frais d&rsquo;inscription offerts aux \u00e9tudiants Sup&rsquo;Biotech)<\/strong><\/p>\n\n\n\n<p style=\"text-align:center\"><strong>Inscription obligatoire :<\/strong><\/p>\n\n\n\n<p style=\"text-align:center\"><a href=\"https:\/\/www.hlag2019.fr\/\">https:\/\/www.hlag2019.fr\/<\/a><\/p>\n","protected":false},"excerpt":{"rendered":"<p>La 8e conference sur HLA-G aura lieu \u00e0 Paris du 8 au 10 Juillet. Cette conference \u00e9tant organisee par un collaborateur du laboratoire CellTechs (Sup&rsquo;Biotech), les \u00e9tudiants de l&rsquo;\u00e9cole Sup&rsquo;Biotech peuvent y assister sans payer les frais d&rsquo;inscription. 8\u00e8me Conf\u00e9rence Internationale sur HLA-G Lieu : Minist\u00e8re de la Sant\u00e9, Paris Dates : 8,9 et 10 [&hellip;]<\/p>\n","protected":false},"author":8,"featured_media":0,"comment_status":"closed","ping_status":"open","sticky":false,"template":"","format":"standard","meta":{"_acf_changed":false,"footnotes":""},"categories":[237,240],"tags":[],"class_list":["post-3288","post","type-post","status-publish","format-standard","hentry","category-celltechs-fr","category-eleves"],"acf":[],"yoast_head":"<!-- This site is optimized with the Yoast SEO Premium plugin v27.2 (Yoast SEO v27.2) - https:\/\/yoast.com\/product\/yoast-seo-premium-wordpress\/ -->\n<title>Invitation \u00e0 la 8\u00e8me conference sur HLA-G - La recherche \u00e0 SupBiotech<\/title>\n<meta name=\"robots\" content=\"index, follow, max-snippet:-1, max-image-preview:large, max-video-preview:-1\" \/>\n<link rel=\"canonical\" href=\"https:\/\/www.supbiotech.fr\/recherche-innovation-biotechnologie\/2019\/04\/29\/invitation-a-la-8eme-conference-sur-hla-g\/\" \/>\n<meta property=\"og:locale\" content=\"fr_FR\" \/>\n<meta property=\"og:type\" content=\"article\" \/>\n<meta property=\"og:title\" content=\"Invitation \u00e0 la 8\u00e8me conference sur HLA-G\" \/>\n<meta property=\"og:description\" content=\"La 8e conference sur HLA-G aura lieu \u00e0 Paris du 8 au 10 Juillet. Cette conference \u00e9tant organisee par un collaborateur du laboratoire CellTechs (Sup&rsquo;Biotech), les \u00e9tudiants de l&rsquo;\u00e9cole Sup&rsquo;Biotech peuvent y assister sans payer les frais d&rsquo;inscription. 8\u00e8me Conf\u00e9rence Internationale sur HLA-G Lieu : Minist\u00e8re de la Sant\u00e9, Paris Dates : 8,9 et 10 [&hellip;]\" \/>\n<meta property=\"og:url\" content=\"https:\/\/www.supbiotech.fr\/recherche-innovation-biotechnologie\/2019\/04\/29\/invitation-a-la-8eme-conference-sur-hla-g\/\" \/>\n<meta property=\"og:site_name\" content=\"La recherche \u00e0 SupBiotech\" \/>\n<meta property=\"article:published_time\" content=\"2019-04-29T08:00:17+00:00\" \/>\n<meta property=\"article:modified_time\" content=\"2021-06-30T09:38:00+00:00\" \/>\n<meta property=\"og:image\" content=\"https:\/\/www.supbiotech.fr\/recherche-innovation-biotechnologie\/wp-content\/uploads\/2021\/06\/Image24.png\" \/>\n<meta name=\"author\" content=\"Juliette Visconti\" \/>\n<meta name=\"twitter:card\" content=\"summary_large_image\" \/>\n<meta name=\"twitter:label1\" content=\"\u00c9crit par\" \/>\n\t<meta name=\"twitter:data1\" content=\"Juliette Visconti\" \/>\n<script type=\"application\/ld+json\" class=\"yoast-schema-graph\">{\"@context\":\"https:\/\/schema.org\",\"@graph\":[{\"@type\":\"Article\",\"@id\":\"https:\/\/www.supbiotech.fr\/recherche-innovation-biotechnologie\/2019\/04\/29\/invitation-a-la-8eme-conference-sur-hla-g\/#article\",\"isPartOf\":{\"@id\":\"https:\/\/www.supbiotech.fr\/recherche-innovation-biotechnologie\/2019\/04\/29\/invitation-a-la-8eme-conference-sur-hla-g\/\"},\"author\":{\"name\":\"Juliette Visconti\",\"@id\":\"https:\/\/www.supbiotech.fr\/recherche-innovation-biotechnologie\/#\/schema\/person\/306d6a3ac0c3e4fca570b3672370623c\"},\"headline\":\"Invitation \u00e0 la 8\u00e8me conference sur HLA-G\",\"datePublished\":\"2019-04-29T08:00:17+00:00\",\"dateModified\":\"2021-06-30T09:38:00+00:00\",\"mainEntityOfPage\":{\"@id\":\"https:\/\/www.supbiotech.fr\/recherche-innovation-biotechnologie\/2019\/04\/29\/invitation-a-la-8eme-conference-sur-hla-g\/\"},\"wordCount\":110,\"publisher\":{\"@id\":\"https:\/\/www.supbiotech.fr\/recherche-innovation-biotechnologie\/#organization\"},\"image\":{\"@id\":\"https:\/\/www.supbiotech.fr\/recherche-innovation-biotechnologie\/2019\/04\/29\/invitation-a-la-8eme-conference-sur-hla-g\/#primaryimage\"},\"thumbnailUrl\":\"https:\/\/www.supbiotech.fr\/recherche-innovation-biotechnologie\/wp-content\/uploads\/2021\/06\/Image24.png\",\"articleSection\":[\"CellTechs\",\"El\u00e8ves\"],\"inLanguage\":\"fr-FR\"},{\"@type\":\"WebPage\",\"@id\":\"https:\/\/www.supbiotech.fr\/recherche-innovation-biotechnologie\/2019\/04\/29\/invitation-a-la-8eme-conference-sur-hla-g\/\",\"url\":\"https:\/\/www.supbiotech.fr\/recherche-innovation-biotechnologie\/2019\/04\/29\/invitation-a-la-8eme-conference-sur-hla-g\/\",\"name\":\"Invitation \u00e0 la 8\u00e8me conference sur HLA-G - La recherche \u00e0 SupBiotech\",\"isPartOf\":{\"@id\":\"https:\/\/www.supbiotech.fr\/recherche-innovation-biotechnologie\/#website\"},\"primaryImageOfPage\":{\"@id\":\"https:\/\/www.supbiotech.fr\/recherche-innovation-biotechnologie\/2019\/04\/29\/invitation-a-la-8eme-conference-sur-hla-g\/#primaryimage\"},\"image\":{\"@id\":\"https:\/\/www.supbiotech.fr\/recherche-innovation-biotechnologie\/2019\/04\/29\/invitation-a-la-8eme-conference-sur-hla-g\/#primaryimage\"},\"thumbnailUrl\":\"https:\/\/www.supbiotech.fr\/recherche-innovation-biotechnologie\/wp-content\/uploads\/2021\/06\/Image24.png\",\"datePublished\":\"2019-04-29T08:00:17+00:00\",\"dateModified\":\"2021-06-30T09:38:00+00:00\",\"breadcrumb\":{\"@id\":\"https:\/\/www.supbiotech.fr\/recherche-innovation-biotechnologie\/2019\/04\/29\/invitation-a-la-8eme-conference-sur-hla-g\/#breadcrumb\"},\"inLanguage\":\"fr-FR\",\"potentialAction\":[{\"@type\":\"ReadAction\",\"target\":[\"https:\/\/www.supbiotech.fr\/recherche-innovation-biotechnologie\/2019\/04\/29\/invitation-a-la-8eme-conference-sur-hla-g\/\"]}]},{\"@type\":\"ImageObject\",\"inLanguage\":\"fr-FR\",\"@id\":\"https:\/\/www.supbiotech.fr\/recherche-innovation-biotechnologie\/2019\/04\/29\/invitation-a-la-8eme-conference-sur-hla-g\/#primaryimage\",\"url\":\"https:\/\/www.supbiotech.fr\/recherche-innovation-biotechnologie\/wp-content\/uploads\/2021\/06\/Image24.png\",\"contentUrl\":\"https:\/\/www.supbiotech.fr\/recherche-innovation-biotechnologie\/wp-content\/uploads\/2021\/06\/Image24.png\"},{\"@type\":\"BreadcrumbList\",\"@id\":\"https:\/\/www.supbiotech.fr\/recherche-innovation-biotechnologie\/2019\/04\/29\/invitation-a-la-8eme-conference-sur-hla-g\/#breadcrumb\",\"itemListElement\":[{\"@type\":\"ListItem\",\"position\":1,\"name\":\"Home\",\"item\":\"https:\/\/www.supbiotech.fr\/recherche-innovation-biotechnologie\/\"},{\"@type\":\"ListItem\",\"position\":2,\"name\":\"Invitation \u00e0 la 8\u00e8me conference sur HLA-G\"}]},{\"@type\":\"WebSite\",\"@id\":\"https:\/\/www.supbiotech.fr\/recherche-innovation-biotechnologie\/#website\",\"url\":\"https:\/\/www.supbiotech.fr\/recherche-innovation-biotechnologie\/\",\"name\":\"La recherche \u00e0 SupBiotech\",\"description\":\"\",\"publisher\":{\"@id\":\"https:\/\/www.supbiotech.fr\/recherche-innovation-biotechnologie\/#organization\"},\"potentialAction\":[{\"@type\":\"SearchAction\",\"target\":{\"@type\":\"EntryPoint\",\"urlTemplate\":\"https:\/\/www.supbiotech.fr\/recherche-innovation-biotechnologie\/?s={search_term_string}\"},\"query-input\":{\"@type\":\"PropertyValueSpecification\",\"valueRequired\":true,\"valueName\":\"search_term_string\"}}],\"inLanguage\":\"fr-FR\"},{\"@type\":\"Organization\",\"@id\":\"https:\/\/www.supbiotech.fr\/recherche-innovation-biotechnologie\/#organization\",\"name\":\"La recherche \u00e0 SupBiotech\",\"url\":\"https:\/\/www.supbiotech.fr\/recherche-innovation-biotechnologie\/\",\"logo\":{\"@type\":\"ImageObject\",\"inLanguage\":\"fr-FR\",\"@id\":\"https:\/\/www.supbiotech.fr\/recherche-innovation-biotechnologie\/#\/schema\/logo\/image\/\",\"url\":\"https:\/\/www.supbiotech.fr\/recherche-innovation-biotechnologie\/wp-content\/uploads\/2024\/02\/Logo-SupBiotech.png\",\"contentUrl\":\"https:\/\/www.supbiotech.fr\/recherche-innovation-biotechnologie\/wp-content\/uploads\/2024\/02\/Logo-SupBiotech.png\",\"width\":350,\"height\":164,\"caption\":\"La recherche \u00e0 SupBiotech\"},\"image\":{\"@id\":\"https:\/\/www.supbiotech.fr\/recherche-innovation-biotechnologie\/#\/schema\/logo\/image\/\"}},{\"@type\":\"Person\",\"@id\":\"https:\/\/www.supbiotech.fr\/recherche-innovation-biotechnologie\/#\/schema\/person\/306d6a3ac0c3e4fca570b3672370623c\",\"name\":\"Juliette Visconti\",\"image\":{\"@type\":\"ImageObject\",\"inLanguage\":\"fr-FR\",\"@id\":\"https:\/\/secure.gravatar.com\/avatar\/f268342e1349cc718e1ea12994901c4ebfb26b8f983e43a5f2c796f4fd960144?s=96&d=mm&r=g\",\"url\":\"https:\/\/secure.gravatar.com\/avatar\/f268342e1349cc718e1ea12994901c4ebfb26b8f983e43a5f2c796f4fd960144?s=96&d=mm&r=g\",\"contentUrl\":\"https:\/\/secure.gravatar.com\/avatar\/f268342e1349cc718e1ea12994901c4ebfb26b8f983e43a5f2c796f4fd960144?s=96&d=mm&r=g\",\"caption\":\"Juliette Visconti\"},\"url\":\"https:\/\/www.supbiotech.fr\/recherche-innovation-biotechnologie\/author\/juliette-visconti\/\"}]}<\/script>\n<!-- \/ Yoast SEO Premium plugin. -->","yoast_head_json":{"title":"Invitation \u00e0 la 8\u00e8me conference sur HLA-G - La recherche \u00e0 SupBiotech","robots":{"index":"index","follow":"follow","max-snippet":"max-snippet:-1","max-image-preview":"max-image-preview:large","max-video-preview":"max-video-preview:-1"},"canonical":"https:\/\/www.supbiotech.fr\/recherche-innovation-biotechnologie\/2019\/04\/29\/invitation-a-la-8eme-conference-sur-hla-g\/","og_locale":"fr_FR","og_type":"article","og_title":"Invitation \u00e0 la 8\u00e8me conference sur HLA-G","og_description":"La 8e conference sur HLA-G aura lieu \u00e0 Paris du 8 au 10 Juillet. Cette conference \u00e9tant organisee par un collaborateur du laboratoire CellTechs (Sup&rsquo;Biotech), les \u00e9tudiants de l&rsquo;\u00e9cole Sup&rsquo;Biotech peuvent y assister sans payer les frais d&rsquo;inscription. 8\u00e8me Conf\u00e9rence Internationale sur HLA-G Lieu : Minist\u00e8re de la Sant\u00e9, Paris Dates : 8,9 et 10 [&hellip;]","og_url":"https:\/\/www.supbiotech.fr\/recherche-innovation-biotechnologie\/2019\/04\/29\/invitation-a-la-8eme-conference-sur-hla-g\/","og_site_name":"La recherche \u00e0 SupBiotech","article_published_time":"2019-04-29T08:00:17+00:00","article_modified_time":"2021-06-30T09:38:00+00:00","og_image":[{"url":"https:\/\/www.supbiotech.fr\/recherche-innovation-biotechnologie\/wp-content\/uploads\/2021\/06\/Image24.png","type":"","width":"","height":""}],"author":"Juliette Visconti","twitter_card":"summary_large_image","twitter_misc":{"\u00c9crit par":"Juliette Visconti"},"schema":{"@context":"https:\/\/schema.org","@graph":[{"@type":"Article","@id":"https:\/\/www.supbiotech.fr\/recherche-innovation-biotechnologie\/2019\/04\/29\/invitation-a-la-8eme-conference-sur-hla-g\/#article","isPartOf":{"@id":"https:\/\/www.supbiotech.fr\/recherche-innovation-biotechnologie\/2019\/04\/29\/invitation-a-la-8eme-conference-sur-hla-g\/"},"author":{"name":"Juliette Visconti","@id":"https:\/\/www.supbiotech.fr\/recherche-innovation-biotechnologie\/#\/schema\/person\/306d6a3ac0c3e4fca570b3672370623c"},"headline":"Invitation \u00e0 la 8\u00e8me conference sur HLA-G","datePublished":"2019-04-29T08:00:17+00:00","dateModified":"2021-06-30T09:38:00+00:00","mainEntityOfPage":{"@id":"https:\/\/www.supbiotech.fr\/recherche-innovation-biotechnologie\/2019\/04\/29\/invitation-a-la-8eme-conference-sur-hla-g\/"},"wordCount":110,"publisher":{"@id":"https:\/\/www.supbiotech.fr\/recherche-innovation-biotechnologie\/#organization"},"image":{"@id":"https:\/\/www.supbiotech.fr\/recherche-innovation-biotechnologie\/2019\/04\/29\/invitation-a-la-8eme-conference-sur-hla-g\/#primaryimage"},"thumbnailUrl":"https:\/\/www.supbiotech.fr\/recherche-innovation-biotechnologie\/wp-content\/uploads\/2021\/06\/Image24.png","articleSection":["CellTechs","El\u00e8ves"],"inLanguage":"fr-FR"},{"@type":"WebPage","@id":"https:\/\/www.supbiotech.fr\/recherche-innovation-biotechnologie\/2019\/04\/29\/invitation-a-la-8eme-conference-sur-hla-g\/","url":"https:\/\/www.supbiotech.fr\/recherche-innovation-biotechnologie\/2019\/04\/29\/invitation-a-la-8eme-conference-sur-hla-g\/","name":"Invitation \u00e0 la 8\u00e8me conference sur HLA-G - La recherche \u00e0 SupBiotech","isPartOf":{"@id":"https:\/\/www.supbiotech.fr\/recherche-innovation-biotechnologie\/#website"},"primaryImageOfPage":{"@id":"https:\/\/www.supbiotech.fr\/recherche-innovation-biotechnologie\/2019\/04\/29\/invitation-a-la-8eme-conference-sur-hla-g\/#primaryimage"},"image":{"@id":"https:\/\/www.supbiotech.fr\/recherche-innovation-biotechnologie\/2019\/04\/29\/invitation-a-la-8eme-conference-sur-hla-g\/#primaryimage"},"thumbnailUrl":"https:\/\/www.supbiotech.fr\/recherche-innovation-biotechnologie\/wp-content\/uploads\/2021\/06\/Image24.png","datePublished":"2019-04-29T08:00:17+00:00","dateModified":"2021-06-30T09:38:00+00:00","breadcrumb":{"@id":"https:\/\/www.supbiotech.fr\/recherche-innovation-biotechnologie\/2019\/04\/29\/invitation-a-la-8eme-conference-sur-hla-g\/#breadcrumb"},"inLanguage":"fr-FR","potentialAction":[{"@type":"ReadAction","target":["https:\/\/www.supbiotech.fr\/recherche-innovation-biotechnologie\/2019\/04\/29\/invitation-a-la-8eme-conference-sur-hla-g\/"]}]},{"@type":"ImageObject","inLanguage":"fr-FR","@id":"https:\/\/www.supbiotech.fr\/recherche-innovation-biotechnologie\/2019\/04\/29\/invitation-a-la-8eme-conference-sur-hla-g\/#primaryimage","url":"https:\/\/www.supbiotech.fr\/recherche-innovation-biotechnologie\/wp-content\/uploads\/2021\/06\/Image24.png","contentUrl":"https:\/\/www.supbiotech.fr\/recherche-innovation-biotechnologie\/wp-content\/uploads\/2021\/06\/Image24.png"},{"@type":"BreadcrumbList","@id":"https:\/\/www.supbiotech.fr\/recherche-innovation-biotechnologie\/2019\/04\/29\/invitation-a-la-8eme-conference-sur-hla-g\/#breadcrumb","itemListElement":[{"@type":"ListItem","position":1,"name":"Home","item":"https:\/\/www.supbiotech.fr\/recherche-innovation-biotechnologie\/"},{"@type":"ListItem","position":2,"name":"Invitation \u00e0 la 8\u00e8me conference sur HLA-G"}]},{"@type":"WebSite","@id":"https:\/\/www.supbiotech.fr\/recherche-innovation-biotechnologie\/#website","url":"https:\/\/www.supbiotech.fr\/recherche-innovation-biotechnologie\/","name":"La recherche \u00e0 SupBiotech","description":"","publisher":{"@id":"https:\/\/www.supbiotech.fr\/recherche-innovation-biotechnologie\/#organization"},"potentialAction":[{"@type":"SearchAction","target":{"@type":"EntryPoint","urlTemplate":"https:\/\/www.supbiotech.fr\/recherche-innovation-biotechnologie\/?s={search_term_string}"},"query-input":{"@type":"PropertyValueSpecification","valueRequired":true,"valueName":"search_term_string"}}],"inLanguage":"fr-FR"},{"@type":"Organization","@id":"https:\/\/www.supbiotech.fr\/recherche-innovation-biotechnologie\/#organization","name":"La recherche \u00e0 SupBiotech","url":"https:\/\/www.supbiotech.fr\/recherche-innovation-biotechnologie\/","logo":{"@type":"ImageObject","inLanguage":"fr-FR","@id":"https:\/\/www.supbiotech.fr\/recherche-innovation-biotechnologie\/#\/schema\/logo\/image\/","url":"https:\/\/www.supbiotech.fr\/recherche-innovation-biotechnologie\/wp-content\/uploads\/2024\/02\/Logo-SupBiotech.png","contentUrl":"https:\/\/www.supbiotech.fr\/recherche-innovation-biotechnologie\/wp-content\/uploads\/2024\/02\/Logo-SupBiotech.png","width":350,"height":164,"caption":"La recherche \u00e0 SupBiotech"},"image":{"@id":"https:\/\/www.supbiotech.fr\/recherche-innovation-biotechnologie\/#\/schema\/logo\/image\/"}},{"@type":"Person","@id":"https:\/\/www.supbiotech.fr\/recherche-innovation-biotechnologie\/#\/schema\/person\/306d6a3ac0c3e4fca570b3672370623c","name":"Juliette Visconti","image":{"@type":"ImageObject","inLanguage":"fr-FR","@id":"https:\/\/secure.gravatar.com\/avatar\/f268342e1349cc718e1ea12994901c4ebfb26b8f983e43a5f2c796f4fd960144?s=96&d=mm&r=g","url":"https:\/\/secure.gravatar.com\/avatar\/f268342e1349cc718e1ea12994901c4ebfb26b8f983e43a5f2c796f4fd960144?s=96&d=mm&r=g","contentUrl":"https:\/\/secure.gravatar.com\/avatar\/f268342e1349cc718e1ea12994901c4ebfb26b8f983e43a5f2c796f4fd960144?s=96&d=mm&r=g","caption":"Juliette Visconti"},"url":"https:\/\/www.supbiotech.fr\/recherche-innovation-biotechnologie\/author\/juliette-visconti\/"}]}},"_links":{"self":[{"href":"https:\/\/www.supbiotech.fr\/recherche-innovation-biotechnologie\/wp-json\/wp\/v2\/posts\/3288","targetHints":{"allow":["GET"]}}],"collection":[{"href":"https:\/\/www.supbiotech.fr\/recherche-innovation-biotechnologie\/wp-json\/wp\/v2\/posts"}],"about":[{"href":"https:\/\/www.supbiotech.fr\/recherche-innovation-biotechnologie\/wp-json\/wp\/v2\/types\/post"}],"author":[{"embeddable":true,"href":"https:\/\/www.supbiotech.fr\/recherche-innovation-biotechnologie\/wp-json\/wp\/v2\/users\/8"}],"replies":[{"embeddable":true,"href":"https:\/\/www.supbiotech.fr\/recherche-innovation-biotechnologie\/wp-json\/wp\/v2\/comments?post=3288"}],"version-history":[{"count":1,"href":"https:\/\/www.supbiotech.fr\/recherche-innovation-biotechnologie\/wp-json\/wp\/v2\/posts\/3288\/revisions"}],"predecessor-version":[{"id":3295,"href":"https:\/\/www.supbiotech.fr\/recherche-innovation-biotechnologie\/wp-json\/wp\/v2\/posts\/3288\/revisions\/3295"}],"wp:attachment":[{"href":"https:\/\/www.supbiotech.fr\/recherche-innovation-biotechnologie\/wp-json\/wp\/v2\/media?parent=3288"}],"wp:term":[{"taxonomy":"category","embeddable":true,"href":"https:\/\/www.supbiotech.fr\/recherche-innovation-biotechnologie\/wp-json\/wp\/v2\/categories?post=3288"},{"taxonomy":"post_tag","embeddable":true,"href":"https:\/\/www.supbiotech.fr\/recherche-innovation-biotechnologie\/wp-json\/wp\/v2\/tags?post=3288"}],"curies":[{"name":"wp","href":"https:\/\/api.w.org\/{rel}","templated":true}]}}